{"id":4029,"date":"2026-01-06T13:15:24","date_gmt":"2026-01-06T12:15:24","guid":{"rendered":"https:\/\/tkv-hochfranken.de\/?p=4029"},"modified":"2026-01-06T13:15:58","modified_gmt":"2026-01-06T12:15:58","slug":"besonderer-geburtstag-dr-wolfram-graf-wird-60","status":"publish","type":"post","link":"https:\/\/tkv-hochfranken.de\/index.php\/2026\/01\/06\/besonderer-geburtstag-dr-wolfram-graf-wird-60\/","title":{"rendered":"Besonderer Geburtstag: Dr. Wolfram Graf wird 60"},"content":{"rendered":"\n<figure class=\"wp-block-image size-large\"><img fetchpriority=\"high\" decoding=\"async\" width=\"682\" height=\"1024\" src=\"https:\/\/tkv-hochfranken.de\/wp-content\/uploads\/2025\/11\/Graf-Wolfram-Portraet_Farbe_DSC_3430_1-682x1024.jpeg\" alt=\"\" class=\"wp-image-3837\" srcset=\"https:\/\/tkv-hochfranken.de\/wp-content\/uploads\/2025\/11\/Graf-Wolfram-Portraet_Farbe_DSC_3430_1-682x1024.jpeg 682w, https:\/\/tkv-hochfranken.de\/wp-content\/uploads\/2025\/11\/Graf-Wolfram-Portraet_Farbe_DSC_3430_1-200x300.jpeg 200w, https:\/\/tkv-hochfranken.de\/wp-content\/uploads\/2025\/11\/Graf-Wolfram-Portraet_Farbe_DSC_3430_1-768x1154.jpeg 768w, https:\/\/tkv-hochfranken.de\/wp-content\/uploads\/2025\/11\/Graf-Wolfram-Portraet_Farbe_DSC_3430_1.jpeg 852w\" sizes=\"(max-width: 682px) 100vw, 682px\" \/><figcaption class=\"wp-element-caption\">Dr. Wolfram Graf (Foto: Tobias Decker)<\/figcaption><\/figure>\n\n\n\n<p>Ende <strong>2025<\/strong> wurde<strong> Dr. Wolfram Graf 60 Jahre<\/strong> alt. Der <strong>Pianist<\/strong>, <strong>Musikp\u00e4dagoge <\/strong>und vor allem <strong>Komponist <\/strong>geh\u00f6rt zu den wenigen regionalen Komponisten dieser Tage und hat sich in Bayreuth, Hof und Umgebung einen Namen gemacht. Zahlreiche Werke erklingen nah und fern und gestalten die musikalische Gegenwart unseres Landes. Neben zahlreichen kleinen und gro\u00dfen Auftragskompositionen &#8211; zuletzt im Dezember 2025 zum <strong>80j\u00e4hrigen Jubil\u00e4um<\/strong> der <strong>Hofer Symphoniker<\/strong> bei deren <strong>Festkonzer<\/strong>t &#8211; wird Graf zu Recht mit der <strong>Bayreuther Festival <\/strong>&#8222;<strong>Zeit f\u00fcr Neue Musik<\/strong>&#8222;<strong> <\/strong>in Verbindung gebracht, wo man ihm sowohl <strong>kompositorisch<\/strong>, als auch <strong>organisatorisch<\/strong> f\u00fcr seine gro\u00dfen Verdienste danken muss. Regelm\u00e4\u00dfige Konzerte mit und von ihm sind seit Jahrzehnten Teil der musikalischen Landschaft unserer Region. Nun ist er Ende vergangenen Jahres<strong> 60 Jahre <\/strong>alt geworden und wir w\u00fcnschen ihm neben Erfolg und Gesundheit vor allem viele weitere Jahre voller Schaffenskraft und guten Einf\u00e4llen &#8211; lieber Wolfram &#8211; alles, alles Gute!<\/p>\n\n\n\n<figure class=\"wp-block-image size-full\"><img decoding=\"async\" width=\"804\" height=\"960\" src=\"https:\/\/tkv-hochfranken.de\/wp-content\/uploads\/2025\/11\/Portraet-W.-Graf-20.8.21_3-Farbe-Tobias-Decker-beschnitten.jpg\" alt=\"\" class=\"wp-image-3841\" srcset=\"https:\/\/tkv-hochfranken.de\/wp-content\/uploads\/2025\/11\/Portraet-W.-Graf-20.8.21_3-Farbe-Tobias-Decker-beschnitten.jpg 804w, https:\/\/tkv-hochfranken.de\/wp-content\/uploads\/2025\/11\/Portraet-W.-Graf-20.8.21_3-Farbe-Tobias-Decker-beschnitten-251x300.jpg 251w, https:\/\/tkv-hochfranken.de\/wp-content\/uploads\/2025\/11\/Portraet-W.-Graf-20.8.21_3-Farbe-Tobias-Decker-beschnitten-768x917.jpg 768w\" sizes=\"(max-width: 804px) 100vw, 804px\" \/><figcaption class=\"wp-element-caption\">Dr. Wolfram Graf (Foto: Tobias Decker)<\/figcaption><\/figure>\n\n\n\n<p><strong>Dr. Wolfram Graf<\/strong>, 1965 in Dornstetten im Schwarzwald geboren, studierte Klavier und Orgel an den Musikhochschulen in Karlsruhe und Saarbr\u00fccken, Komposition ebenfalls in Saarbr\u00fccken, sowie Musikwissenschaft, Religionswissenschaft und Ethnologie an der Universit\u00e4t Bayreuth. Im Jahr 2002 promovierte Graf mit einer Arbeit \u00fcber den Komponisten Leopold van der Pals. Auftritte als Konzertorganist und Pianist f\u00fchrten ihn bis in die USA. Auch als Kammermusikpartner ist Wolfram Graf gefragt und tritt hier insbesondere mit dem Fl\u00f6tisten Martin Seel oder auch dem schwedischen Cellisten Tobias van der Pals auf. Der interpretatorische Schwerpunkt liegt dabei im romantischen und zeitgen\u00f6ssischen Bereich. Sein eigenes kompositorisches Schaffen reicht von Kammermusik und Liedern \u00fcber Klavier- und Orgelwerke bis hin zu Symphonien, Blasorchesterwerken, Solokonzerten, Oper und Oratorium. Neben zahlreichen CD-, Rundfunk- und Fernseheinspielungen erhielt Graf f\u00fcr seine Werke mehrfach Kompositionspreise. Graf ist Lehrbeauftragter an der Hochschule f\u00fcr evangelische Kirchenmusik in Bayreuth in den Fachbereichen Komposition und Analyse. Gemeinsam mit Prof. Helmut Bieler leitete er jahrelang die Konzertreihe \u201eZeit f\u00fcr Neue Musik\u201c in Bayreuth. Seit 2002 lebt Wolfram Graf im fr\u00e4nkischen Hof, wo die Hofer Symphoniker bereits einige gro\u00dfe Werke, darunter das Schlagzeugkonzert \u201eWandlung\u201c und die zweite Symphonie, urauff\u00fchrten. Auch in der Spielzeit 2025\/2026 kommt hier wieder ein gro\u00dfes Orchesterwerk zur Urauff\u00fchrung und zahlreiche kleinere und mittlere Kompositionen Grafs in den verschiedensten Besetzungen erklingen regelm\u00e4\u00dfig bei Konzerten und Konzertreihen in und um Hochfranken.<\/p>\n\n\n\n<p>Wolfram Graf im Internet: <a href=\"https:\/\/wolframgraf.de\/\">https:\/\/wolframgraf.de<\/a><\/p>\n\n\n\n<figure class=\"wp-block-image size-large\"><img decoding=\"async\" width=\"682\" height=\"1024\" src=\"https:\/\/tkv-hochfranken.de\/wp-content\/uploads\/2025\/11\/Portraet-1-Graf-sw-Foto-Tobias-Decker-682x1024.jpeg\" alt=\"\" class=\"wp-image-3838\" srcset=\"https:\/\/tkv-hochfranken.de\/wp-content\/uploads\/2025\/11\/Portraet-1-Graf-sw-Foto-Tobias-Decker-682x1024.jpeg 682w, https:\/\/tkv-hochfranken.de\/wp-content\/uploads\/2025\/11\/Portraet-1-Graf-sw-Foto-Tobias-Decker-200x300.jpeg 200w, https:\/\/tkv-hochfranken.de\/wp-content\/uploads\/2025\/11\/Portraet-1-Graf-sw-Foto-Tobias-Decker-768x1154.jpeg 768w, https:\/\/tkv-hochfranken.de\/wp-content\/uploads\/2025\/11\/Portraet-1-Graf-sw-Foto-Tobias-Decker.jpeg 852w\" sizes=\"(max-width: 682px) 100vw, 682px\" \/><figcaption class=\"wp-element-caption\">Dr. Wolfram Graf (Foto: Tobias Decker)<\/figcaption><\/figure>\n<h3>Related Images:<\/h3>","protected":false},"excerpt":{"rendered":"<p>Dr. Wolfram Graf (Foto: Tobias Decker) Ende 2025 wurde Dr. Wolfram Graf 60 Jahre alt. Der Pianist, Musikp\u00e4dagoge und vor allem Komponist geh\u00f6rt zu den wenigen regionalen Komponisten dieser Tage und hat sich in Bayreuth, Hof und Umgebung einen Namen gemacht. Zahlreiche Werke erklingen nah und fern und gestalten die musikalische Gegenwart unseres Landes. Neben&#8230; <\/p>\n<div class=\"read-more navbutton\"><a href=\"https:\/\/tkv-hochfranken.de\/index.php\/2026\/01\/06\/besonderer-geburtstag-dr-wolfram-graf-wird-60\/\">Read More<i class=\"fa fa-angle-double-right\"><\/i><\/a><\/div>\n","protected":false},"author":1,"featured_media":0,"comment_status":"closed","ping_status":"","sticky":false,"template":"","format":"standard","meta":{"ngg_post_thumbnail":0,"footnotes":""},"categories":[1],"tags":[],"class_list":["post-4029","post","type-post","status-publish","format-standard","hentry","category-allgemein"],"_links":{"self":[{"href":"https:\/\/tkv-hochfranken.de\/index.php\/wp-json\/wp\/v2\/posts\/4029","targetHints":{"allow":["GET"]}}],"collection":[{"href":"https:\/\/tkv-hochfranken.de\/index.php\/wp-json\/wp\/v2\/posts"}],"about":[{"href":"https:\/\/tkv-hochfranken.de\/index.php\/wp-json\/wp\/v2\/types\/post"}],"author":[{"embeddable":true,"href":"https:\/\/tkv-hochfranken.de\/index.php\/wp-json\/wp\/v2\/users\/1"}],"replies":[{"embeddable":true,"href":"https:\/\/tkv-hochfranken.de\/index.php\/wp-json\/wp\/v2\/comments?post=4029"}],"version-history":[{"count":2,"href":"https:\/\/tkv-hochfranken.de\/index.php\/wp-json\/wp\/v2\/posts\/4029\/revisions"}],"predecessor-version":[{"id":4031,"href":"https:\/\/tkv-hochfranken.de\/index.php\/wp-json\/wp\/v2\/posts\/4029\/revisions\/4031"}],"wp:attachment":[{"href":"https:\/\/tkv-hochfranken.de\/index.php\/wp-json\/wp\/v2\/media?parent=4029"}],"wp:term":[{"taxonomy":"category","embeddable":true,"href":"https:\/\/tkv-hochfranken.de\/index.php\/wp-json\/wp\/v2\/categories?post=4029"},{"taxonomy":"post_tag","embeddable":true,"href":"https:\/\/tkv-hochfranken.de\/index.php\/wp-json\/wp\/v2\/tags?post=4029"}],"curies":[{"name":"wp","href":"https:\/\/api.w.org\/{rel}","templated":true}]}}