{"id":4034,"date":"2026-01-07T20:50:28","date_gmt":"2026-01-07T19:50:28","guid":{"rendered":"https:\/\/tkv-hochfranken.de\/?p=4034"},"modified":"2026-04-29T22:58:39","modified_gmt":"2026-04-29T20:58:39","slug":"harry-troeger-wird-ehrenmitglied-im-tkv-hochfranken","status":"publish","type":"post","link":"https:\/\/tkv-hochfranken.de\/index.php\/2026\/01\/07\/harry-troeger-wird-ehrenmitglied-im-tkv-hochfranken\/","title":{"rendered":"Harry Tr\u00f6ger wird Ehrenmitglied im TKV Hochfranken"},"content":{"rendered":"\n<figure class=\"wp-block-image size-large\"><img fetchpriority=\"high\" decoding=\"async\" width=\"884\" height=\"1024\" src=\"https:\/\/tkv-hochfranken.de\/wp-content\/uploads\/2025\/12\/IMG_3381a-884x1024.jpg\" alt=\"\" class=\"wp-image-3856\" srcset=\"https:\/\/tkv-hochfranken.de\/wp-content\/uploads\/2025\/12\/IMG_3381a-884x1024.jpg 884w, https:\/\/tkv-hochfranken.de\/wp-content\/uploads\/2025\/12\/IMG_3381a-259x300.jpg 259w, https:\/\/tkv-hochfranken.de\/wp-content\/uploads\/2025\/12\/IMG_3381a-768x889.jpg 768w, https:\/\/tkv-hochfranken.de\/wp-content\/uploads\/2025\/12\/IMG_3381a-1327x1536.jpg 1327w, https:\/\/tkv-hochfranken.de\/wp-content\/uploads\/2025\/12\/IMG_3381a-1769x2048.jpg 1769w\" sizes=\"(max-width: 884px) 100vw, 884px\" \/><figcaption class=\"wp-element-caption\">Harry Tr\u00f6ger (Foto: TKV Hochfranken)<\/figcaption><\/figure>\n\n\n\n<p>Seit Ende 2025 hat der <strong>Tonk\u00fcnstlerverband Hochfranken e.V.<\/strong> ein weiteres Ehrenmitglied: <strong>Harry Tr\u00f6ger<\/strong>. Damit reiht sich <strong>Tr\u00f6ger <\/strong>als vierte Musikerpers\u00f6nlichkeit der Region neben <strong>Ilse Uhlig-Leichtlein<\/strong> (seit 2003, inzwischen verstorben), <strong>Edith Ruppert<\/strong> (seit 2004, inzwischen verstorben) und dem ebenso vielseitigen wie unerm\u00fcdlichen <strong>Dietmar Ungerank<\/strong> (seit 2012) ein. In unserer Region geh\u00f6rt <strong>Tr\u00f6ger<\/strong> zu den <strong>bekanntesten<\/strong>, <strong>breitgef\u00e4chertsten<\/strong> und <strong>einflussreichsten Musikerpers\u00f6nlichkeiten<\/strong>. In M\u00fcnchberg lebend kann man ihn als <strong>Schlagzeuger<\/strong>, <strong>Musikp\u00e4dagogen<\/strong> oder <strong>Tonmeister<\/strong> kennen. Er spielt in vielerlei <strong>festen<\/strong> oder <strong>tempor\u00e4ren Ensembles<\/strong> mit, ist <strong>st\u00e4ndiger Gastmusiker <\/strong>am <strong>Theater Hof<\/strong> und auch<strong> Initiator <\/strong>der<strong> Jazz (Jam) Session <\/strong>am <strong>KunstKaufHaus Hof<\/strong> gewesen, die leider nach zehn Jahren im Dezember 2025 dort ihr Ende fand. Vermutlich wird sie demn\u00e4chst woanders als feste Gr\u00f6\u00dfe fortgef\u00fchrt. Auf zahlreichen <strong>CDs<\/strong> von <strong>K\u00fcnstler*Innen<\/strong> aus Nah und Fern ist er durch <strong>Aufnahme<\/strong>, <strong>Produktion<\/strong> oder<strong> Instrumentalspiel <\/strong>verewigt. Am bekanntesten ist <strong>Harry Tr\u00f6ger<\/strong> allerdings durch die \u00fcberregional bekannte Mundart-Band <strong>Waldschrat<\/strong>, in welcher er sich neben dem <strong>Schlagzeug<\/strong> auch <strong>gesanglich<\/strong> in den Herzen der Franken verankert und nicht nur musikalisch f\u00fcr die <strong>Identifikation<\/strong> der Menschen hier gesorgt hat.<\/p>\n\n\n\n<figure class=\"wp-block-image size-large\"><img decoding=\"async\" width=\"936\" height=\"1024\" src=\"https:\/\/tkv-hochfranken.de\/wp-content\/uploads\/2025\/12\/IMG_3384a-936x1024.jpg\" alt=\"\" class=\"wp-image-3857\" srcset=\"https:\/\/tkv-hochfranken.de\/wp-content\/uploads\/2025\/12\/IMG_3384a-936x1024.jpg 936w, https:\/\/tkv-hochfranken.de\/wp-content\/uploads\/2025\/12\/IMG_3384a-274x300.jpg 274w, https:\/\/tkv-hochfranken.de\/wp-content\/uploads\/2025\/12\/IMG_3384a-768x840.jpg 768w, https:\/\/tkv-hochfranken.de\/wp-content\/uploads\/2025\/12\/IMG_3384a-1404x1536.jpg 1404w, https:\/\/tkv-hochfranken.de\/wp-content\/uploads\/2025\/12\/IMG_3384a-1873x2048.jpg 1873w\" sizes=\"(max-width: 936px) 100vw, 936px\" \/><figcaption class=\"wp-element-caption\">Harry Tr\u00f6ger (links) mit dem 1. Vorsitzenden des Tonk\u00fcnstlerverbandes Hochfranken e.V. Markus Jung (rechts) nach gemeinsamer musikalischer Arbeit am Theater Hof. (Foto: TKV Hochfranken)<\/figcaption><\/figure>\n\n\n\n<p><strong>Harry Tr\u00f6ger <\/strong>hat schon viele andere <strong>Ausszeichnungen<\/strong> bekommen. Erst vor kurzem &#8211; am <strong>Samstag<\/strong>, dem <strong>15. November 2025<\/strong> um <strong>10:30 Uhr<\/strong> &#8211; lud der <strong>Landkreis Hof<\/strong> in das <strong>Oberfr\u00e4nkische Bauernhofmuseum Kleinlosnitz<\/strong> ein. Hier wurde der seit 1999 verliehene <strong>Kunstpreis des Landkreises (Hof)<\/strong> verliehen, was nunmehr zum 9. Mal stattfand. Die <strong>renommierte Auszeichnung<\/strong> an Einzelpersonen oder Personengruppen, die auf den Gebieten der bildenden oder darstellenden Kunst, Musik oder Literatur besonders anerkennenswerte Leistungen erbracht haben, ging vergangenes Jahr unter anderem an unseren Ausnahmemusiker <strong>Harry Tr\u00f6ger<\/strong>! Dieser erhielt aufgrund seiner <strong>au\u00dfergew\u00f6hnlichen Leistungen f\u00fcr und durch die Musik in der Region<\/strong> den <strong>Hauptpreis<\/strong>. <strong>Landrat Dr. Oliver B\u00e4r<\/strong> hielt eine wunderbare, herzliche und v\u00f6llig zutreffende Laudatio f\u00fcr <strong>Tr\u00f6ger<\/strong>, der auch hier neben seinem <strong>Schlagzeug<\/strong> und <strong>Tonstudio<\/strong> vor allem durch die fr\u00e4nkische <strong>Kultband Waldschrat<\/strong> Erw\u00e4hnung fand.<\/p>\n\n\n\n<figure class=\"wp-block-image size-large\"><img decoding=\"async\" width=\"1024\" height=\"836\" src=\"https:\/\/tkv-hochfranken.de\/wp-content\/uploads\/2025\/12\/IMG_3379a-1024x836.jpg\" alt=\"\" class=\"wp-image-3855\" srcset=\"https:\/\/tkv-hochfranken.de\/wp-content\/uploads\/2025\/12\/IMG_3379a-1024x836.jpg 1024w, https:\/\/tkv-hochfranken.de\/wp-content\/uploads\/2025\/12\/IMG_3379a-300x245.jpg 300w, https:\/\/tkv-hochfranken.de\/wp-content\/uploads\/2025\/12\/IMG_3379a-768x627.jpg 768w, https:\/\/tkv-hochfranken.de\/wp-content\/uploads\/2025\/12\/IMG_3379a-1536x1254.jpg 1536w, https:\/\/tkv-hochfranken.de\/wp-content\/uploads\/2025\/12\/IMG_3379a-2048x1672.jpg 2048w\" sizes=\"(max-width: 1024px) 100vw, 1024px\" \/><figcaption class=\"wp-element-caption\">Harry Tr\u00f6ger im Theater Hof (Foto: TKV Hochfranken)<\/figcaption><\/figure>\n\n\n\n<p>Und nun wollen auch wir seiner Arbeit mit dieser <strong>Ehrenmitgliedschaft<\/strong> eine verdiente <strong>Wertsch\u00e4tzung <\/strong>zukommen lassen. Wir freuen uns, dass <strong>Harry Tr\u00f6ger<\/strong> das vierte <strong>Ehrenmitglied<\/strong> des <strong>Tonk\u00fcnstlerverbandes Hochfranken e.V. <\/strong>wurde und gratulieren ihm ganz herzlich dazu. M\u00f6gen noch viele, viele Jahre seiner unerm\u00fcdlichen Arbeit in und f\u00fcr die Region unsere Musikwelt bereichern.<\/p>\n\n\n\n<figure class=\"wp-block-image size-large\"><img loading=\"lazy\" decoding=\"async\" width=\"778\" height=\"1024\" src=\"https:\/\/tkv-hochfranken.de\/wp-content\/uploads\/2025\/12\/IMG_3114a-778x1024.jpg\" alt=\"\" class=\"wp-image-3854\" srcset=\"https:\/\/tkv-hochfranken.de\/wp-content\/uploads\/2025\/12\/IMG_3114a-778x1024.jpg 778w, https:\/\/tkv-hochfranken.de\/wp-content\/uploads\/2025\/12\/IMG_3114a-228x300.jpg 228w, https:\/\/tkv-hochfranken.de\/wp-content\/uploads\/2025\/12\/IMG_3114a-768x1011.jpg 768w, https:\/\/tkv-hochfranken.de\/wp-content\/uploads\/2025\/12\/IMG_3114a-1167x1536.jpg 1167w, https:\/\/tkv-hochfranken.de\/wp-content\/uploads\/2025\/12\/IMG_3114a-1556x2048.jpg 1556w, https:\/\/tkv-hochfranken.de\/wp-content\/uploads\/2025\/12\/IMG_3114a-scaled.jpg 1945w\" sizes=\"(max-width: 778px) 100vw, 778px\" \/><figcaption class=\"wp-element-caption\">Harry Tr\u00f6ger (links) mit dem 1. Vorsitzenden des Tonk\u00fcnstlerverbandes Hochfranken e.V. Markus Jung (rechts) bei Besprechungen in Mocky&#8217;s Backstage. (Foto: TKV Hochfranken)<\/figcaption><\/figure>\n<h3>Related Images:<\/h3>","protected":false},"excerpt":{"rendered":"<p>Harry Tr\u00f6ger (Foto: TKV Hochfranken) Seit Ende 2025 hat der Tonk\u00fcnstlerverband Hochfranken e.V. ein weiteres Ehrenmitglied: Harry Tr\u00f6ger. Damit reiht sich Tr\u00f6ger als vierte Musikerpers\u00f6nlichkeit der Region neben Ilse Uhlig-Leichtlein (seit 2003, inzwischen verstorben), Edith Ruppert (seit 2004, inzwischen verstorben) und dem ebenso vielseitigen wie unerm\u00fcdlichen Dietmar Ungerank (seit 2012) ein. In unserer Region geh\u00f6rt&#8230; <\/p>\n<div class=\"read-more navbutton\"><a href=\"https:\/\/tkv-hochfranken.de\/index.php\/2026\/01\/07\/harry-troeger-wird-ehrenmitglied-im-tkv-hochfranken\/\">Read More<i class=\"fa fa-angle-double-right\"><\/i><\/a><\/div>\n","protected":false},"author":1,"featured_media":0,"comment_status":"closed","ping_status":"","sticky":false,"template":"","format":"standard","meta":{"ngg_post_thumbnail":0,"footnotes":""},"categories":[1],"tags":[],"class_list":["post-4034","post","type-post","status-publish","format-standard","hentry","category-allgemein"],"_links":{"self":[{"href":"https:\/\/tkv-hochfranken.de\/index.php\/wp-json\/wp\/v2\/posts\/4034","targetHints":{"allow":["GET"]}}],"collection":[{"href":"https:\/\/tkv-hochfranken.de\/index.php\/wp-json\/wp\/v2\/posts"}],"about":[{"href":"https:\/\/tkv-hochfranken.de\/index.php\/wp-json\/wp\/v2\/types\/post"}],"author":[{"embeddable":true,"href":"https:\/\/tkv-hochfranken.de\/index.php\/wp-json\/wp\/v2\/users\/1"}],"replies":[{"embeddable":true,"href":"https:\/\/tkv-hochfranken.de\/index.php\/wp-json\/wp\/v2\/comments?post=4034"}],"version-history":[{"count":3,"href":"https:\/\/tkv-hochfranken.de\/index.php\/wp-json\/wp\/v2\/posts\/4034\/revisions"}],"predecessor-version":[{"id":4511,"href":"https:\/\/tkv-hochfranken.de\/index.php\/wp-json\/wp\/v2\/posts\/4034\/revisions\/4511"}],"wp:attachment":[{"href":"https:\/\/tkv-hochfranken.de\/index.php\/wp-json\/wp\/v2\/media?parent=4034"}],"wp:term":[{"taxonomy":"category","embeddable":true,"href":"https:\/\/tkv-hochfranken.de\/index.php\/wp-json\/wp\/v2\/categories?post=4034"},{"taxonomy":"post_tag","embeddable":true,"href":"https:\/\/tkv-hochfranken.de\/index.php\/wp-json\/wp\/v2\/tags?post=4034"}],"curies":[{"name":"wp","href":"https:\/\/api.w.org\/{rel}","templated":true}]}}