{"id":4052,"date":"2026-01-09T23:34:17","date_gmt":"2026-01-09T22:34:17","guid":{"rendered":"https:\/\/tkv-hochfranken.de\/?p=4052"},"modified":"2026-01-09T23:34:17","modified_gmt":"2026-01-09T22:34:17","slug":"erster-jazz-monday-in-der-auszeit","status":"publish","type":"post","link":"https:\/\/tkv-hochfranken.de\/index.php\/2026\/01\/09\/erster-jazz-monday-in-der-auszeit\/","title":{"rendered":"Erster &#8222;Jazz Monday&#8220; in der &#8218;Auszeit&#8216;"},"content":{"rendered":"\n<figure class=\"wp-block-image size-large\"><img fetchpriority=\"high\" decoding=\"async\" width=\"724\" height=\"1024\" src=\"https:\/\/tkv-hochfranken.de\/wp-content\/uploads\/2026\/01\/PHOTO-2026-01-04-15-43-17-724x1024.jpg\" alt=\"\" class=\"wp-image-3982\" srcset=\"https:\/\/tkv-hochfranken.de\/wp-content\/uploads\/2026\/01\/PHOTO-2026-01-04-15-43-17-724x1024.jpg 724w, https:\/\/tkv-hochfranken.de\/wp-content\/uploads\/2026\/01\/PHOTO-2026-01-04-15-43-17-212x300.jpg 212w, https:\/\/tkv-hochfranken.de\/wp-content\/uploads\/2026\/01\/PHOTO-2026-01-04-15-43-17-768x1086.jpg 768w, https:\/\/tkv-hochfranken.de\/wp-content\/uploads\/2026\/01\/PHOTO-2026-01-04-15-43-17-1086x1536.jpg 1086w, https:\/\/tkv-hochfranken.de\/wp-content\/uploads\/2026\/01\/PHOTO-2026-01-04-15-43-17.jpg 1131w\" sizes=\"(max-width: 724px) 100vw, 724px\" \/><\/figure>\n\n\n\n<p><strong>Hof Jazz Nights<\/strong> pr\u00e4sentiert &#8211; <strong>Jazz Monday<\/strong><\/p>\n\n\n\n<p>Wir laden Sie herzlich zum ersten <strong>Jazz Monday<\/strong> in Hofs erstes Studierendencaf\u00e9 \u201e<strong>Zur Auszeit<\/strong>\u201c ein!<\/p>\n\n\n\n<p>Das Konzert findet am <strong>Montag<\/strong>, den <strong>12. Januar<\/strong>, um <strong>20:00 Uhr<\/strong> bei freiem Eintritt statt. Unser Wunsch ist es, den B\u00fcrgerinnen und B\u00fcrgern der Stadt Hof regelm\u00e4\u00dfig Konzerte mit Jazz- und Unterhaltungsmusik anzubieten. Das Konzert ist eine Initiative der <strong>Hof Jazz Nights<\/strong> und eine Veranstaltung des <strong>Tonk\u00fcnstlerverbands Hochfranken e.V.<\/strong> in Zusammenarbeit mit dem <strong>Studierendencaf\u00e9 \u201eZur Auszeit\u201c<\/strong>. Nicht verpassen!<\/p>\n\n\n\n<p>Besetzung:<br><strong>S\u0142awek Dudar<\/strong> &#8211; Saxophon<br><strong>Konrad Buschh\u00fctter<\/strong> &#8211; Klavier<br><strong>Russell Snyder<\/strong> &#8211; Bass<br><strong>Pawe\u0142 Czubatka <\/strong>&#8211; Schlagzeug<\/p>\n\n\n\n<p>Die <strong>Hof Jazz Nights<\/strong> und damit auch die <strong>Jazz Mondays<\/strong> stehen f\u00fcr hochwertigen Jazz in all seinen Facetten. Ziel ist es, die Jazzszene in Hof zu beleben, nationale und internationale Musiker zusammenzubringen und Jazz als lebendige, zeitlose Kunstform einem breiten Publikum zug\u00e4nglich zu machen. Stattfinden wird dies im<strong> Studierendencaf\u00e9<\/strong> \u201e<strong>Zur Auszeit<\/strong>\u201c inmitten der Innenstadt Hofs. Die Mitglieder des gemeinn\u00fctzigen Vereins <strong>Kulturdrang e.V.<\/strong> haben es sich zur Aufgabe gemacht, mehr junge Menschen in die Innenstadt zu bringen und Inklusion zu f\u00f6rdern, was ihnen mit Hofs erstem Studierendencaf\u00e9 in der Karolinenstra\u00dfe 30 (95028 Hof) bereits hervorragend gelingt!<\/p>\n<h3>Related Images:<\/h3>","protected":false},"excerpt":{"rendered":"<p>Hof Jazz Nights pr\u00e4sentiert &#8211; Jazz Monday Wir laden Sie herzlich zum ersten Jazz Monday in Hofs erstes Studierendencaf\u00e9 \u201eZur Auszeit\u201c ein! Das Konzert findet am Montag, den 12. Januar, um 20:00 Uhr bei freiem Eintritt statt. Unser Wunsch ist es, den B\u00fcrgerinnen und B\u00fcrgern der Stadt Hof regelm\u00e4\u00dfig Konzerte mit Jazz- und Unterhaltungsmusik anzubieten&#8230;. <\/p>\n<div class=\"read-more navbutton\"><a href=\"https:\/\/tkv-hochfranken.de\/index.php\/2026\/01\/09\/erster-jazz-monday-in-der-auszeit\/\">Read More<i class=\"fa fa-angle-double-right\"><\/i><\/a><\/div>\n","protected":false},"author":1,"featured_media":0,"comment_status":"closed","ping_status":"","sticky":false,"template":"","format":"standard","meta":{"ngg_post_thumbnail":0,"footnotes":""},"categories":[1],"tags":[],"class_list":["post-4052","post","type-post","status-publish","format-standard","hentry","category-allgemein"],"_links":{"self":[{"href":"https:\/\/tkv-hochfranken.de\/index.php\/wp-json\/wp\/v2\/posts\/4052","targetHints":{"allow":["GET"]}}],"collection":[{"href":"https:\/\/tkv-hochfranken.de\/index.php\/wp-json\/wp\/v2\/posts"}],"about":[{"href":"https:\/\/tkv-hochfranken.de\/index.php\/wp-json\/wp\/v2\/types\/post"}],"author":[{"embeddable":true,"href":"https:\/\/tkv-hochfranken.de\/index.php\/wp-json\/wp\/v2\/users\/1"}],"replies":[{"embeddable":true,"href":"https:\/\/tkv-hochfranken.de\/index.php\/wp-json\/wp\/v2\/comments?post=4052"}],"version-history":[{"count":1,"href":"https:\/\/tkv-hochfranken.de\/index.php\/wp-json\/wp\/v2\/posts\/4052\/revisions"}],"predecessor-version":[{"id":4053,"href":"https:\/\/tkv-hochfranken.de\/index.php\/wp-json\/wp\/v2\/posts\/4052\/revisions\/4053"}],"wp:attachment":[{"href":"https:\/\/tkv-hochfranken.de\/index.php\/wp-json\/wp\/v2\/media?parent=4052"}],"wp:term":[{"taxonomy":"category","embeddable":true,"href":"https:\/\/tkv-hochfranken.de\/index.php\/wp-json\/wp\/v2\/categories?post=4052"},{"taxonomy":"post_tag","embeddable":true,"href":"https:\/\/tkv-hochfranken.de\/index.php\/wp-json\/wp\/v2\/tags?post=4052"}],"curies":[{"name":"wp","href":"https:\/\/api.w.org\/{rel}","templated":true}]}}