{"id":4061,"date":"2026-01-15T23:39:22","date_gmt":"2026-01-15T22:39:22","guid":{"rendered":"https:\/\/tkv-hochfranken.de\/?p=4061"},"modified":"2026-01-16T01:36:46","modified_gmt":"2026-01-16T00:36:46","slug":"tipp-anja-weinberger-und-irene-von-fritsch-beim-konzert-im-jahreskreis-in-der-christuskirche","status":"publish","type":"post","link":"https:\/\/tkv-hochfranken.de\/index.php\/2026\/01\/15\/tipp-anja-weinberger-und-irene-von-fritsch-beim-konzert-im-jahreskreis-in-der-christuskirche\/","title":{"rendered":"TIPP: Anja Weinberger und Irene von Fritsch beim &#8222;Konzert im Jahreskreis&#8220; in der Christuskirche"},"content":{"rendered":"\n<figure class=\"wp-block-image size-large\"><img fetchpriority=\"high\" decoding=\"async\" width=\"1015\" height=\"1024\" src=\"https:\/\/tkv-hochfranken.de\/wp-content\/uploads\/2026\/01\/Anja-mit-Irene-1015x1024.jpg\" alt=\"\" class=\"wp-image-4063\" srcset=\"https:\/\/tkv-hochfranken.de\/wp-content\/uploads\/2026\/01\/Anja-mit-Irene-1015x1024.jpg 1015w, https:\/\/tkv-hochfranken.de\/wp-content\/uploads\/2026\/01\/Anja-mit-Irene-297x300.jpg 297w, https:\/\/tkv-hochfranken.de\/wp-content\/uploads\/2026\/01\/Anja-mit-Irene-150x150.jpg 150w, https:\/\/tkv-hochfranken.de\/wp-content\/uploads\/2026\/01\/Anja-mit-Irene-768x775.jpg 768w, https:\/\/tkv-hochfranken.de\/wp-content\/uploads\/2026\/01\/Anja-mit-Irene.jpg 1413w\" sizes=\"(max-width: 1015px) 100vw, 1015px\" \/><figcaption class=\"wp-element-caption\">Anja Weinberger (rechts) mit Irene von Fritsch (Foto: Weinberger \/ Fritsch)<\/figcaption><\/figure>\n\n\n\n<p>Die engagierte Fl\u00f6tistin <strong>Anja Weinberger<\/strong> vom <strong>Bayreuther Tonk\u00fcnstlerverband<\/strong> ist dem Hofer Publikum seit Jahren eine bekannte Gr\u00f6\u00dfe. Wieder bringt sie ein <strong>neues Programm<\/strong> \u201e<strong>Von Telemann bis Ternes<\/strong>\u201c innerhalb der Reihe \u201e<strong>Konzert im Jahreskreis<\/strong>\u201c in die Hofer <strong>Christuskirche<\/strong> (Zeppelinstra\u00dfe 18, 95032 Hof) mit, dass sie zusammen mit der sympathischen Cellistin <strong>Irene von Fritsch<\/strong> zum Besten geben wird. Am <strong>Sonntag<\/strong>, dem <strong>18. Januar 2026<\/strong> um <strong>17:00 Uhr<\/strong> geht es los! Es erklingen Werke von Bach, Dorff, Strozzi, Ternes und Telemann. Der Eintritt ist frei, Spenden werden erbeten. Herzliche Einladung!<\/p>\n\n\n\n<figure class=\"wp-block-image size-large\"><img decoding=\"async\" width=\"819\" height=\"1024\" src=\"https:\/\/tkv-hochfranken.de\/wp-content\/uploads\/2026\/01\/PHOTO-2026-01-12-14-33-17-819x1024.jpg\" alt=\"\" class=\"wp-image-4058\" srcset=\"https:\/\/tkv-hochfranken.de\/wp-content\/uploads\/2026\/01\/PHOTO-2026-01-12-14-33-17-819x1024.jpg 819w, https:\/\/tkv-hochfranken.de\/wp-content\/uploads\/2026\/01\/PHOTO-2026-01-12-14-33-17-240x300.jpg 240w, https:\/\/tkv-hochfranken.de\/wp-content\/uploads\/2026\/01\/PHOTO-2026-01-12-14-33-17-768x960.jpg 768w, https:\/\/tkv-hochfranken.de\/wp-content\/uploads\/2026\/01\/PHOTO-2026-01-12-14-33-17.jpg 1080w\" sizes=\"(max-width: 819px) 100vw, 819px\" \/><\/figure>\n<h3>Related Images:<\/h3>","protected":false},"excerpt":{"rendered":"<p>Anja Weinberger (rechts) mit Irene von Fritsch (Foto: Weinberger \/ Fritsch) Die engagierte Fl\u00f6tistin Anja Weinberger vom Bayreuther Tonk\u00fcnstlerverband ist dem Hofer Publikum seit Jahren eine bekannte Gr\u00f6\u00dfe. Wieder bringt sie ein neues Programm \u201eVon Telemann bis Ternes\u201c innerhalb der Reihe \u201eKonzert im Jahreskreis\u201c in die Hofer Christuskirche (Zeppelinstra\u00dfe 18, 95032 Hof) mit, dass sie&#8230; <\/p>\n<div class=\"read-more navbutton\"><a href=\"https:\/\/tkv-hochfranken.de\/index.php\/2026\/01\/15\/tipp-anja-weinberger-und-irene-von-fritsch-beim-konzert-im-jahreskreis-in-der-christuskirche\/\">Read More<i class=\"fa fa-angle-double-right\"><\/i><\/a><\/div>\n","protected":false},"author":1,"featured_media":0,"comment_status":"closed","ping_status":"","sticky":false,"template":"","format":"standard","meta":{"ngg_post_thumbnail":0,"footnotes":""},"categories":[1],"tags":[],"class_list":["post-4061","post","type-post","status-publish","format-standard","hentry","category-allgemein"],"_links":{"self":[{"href":"https:\/\/tkv-hochfranken.de\/index.php\/wp-json\/wp\/v2\/posts\/4061","targetHints":{"allow":["GET"]}}],"collection":[{"href":"https:\/\/tkv-hochfranken.de\/index.php\/wp-json\/wp\/v2\/posts"}],"about":[{"href":"https:\/\/tkv-hochfranken.de\/index.php\/wp-json\/wp\/v2\/types\/post"}],"author":[{"embeddable":true,"href":"https:\/\/tkv-hochfranken.de\/index.php\/wp-json\/wp\/v2\/users\/1"}],"replies":[{"embeddable":true,"href":"https:\/\/tkv-hochfranken.de\/index.php\/wp-json\/wp\/v2\/comments?post=4061"}],"version-history":[{"count":3,"href":"https:\/\/tkv-hochfranken.de\/index.php\/wp-json\/wp\/v2\/posts\/4061\/revisions"}],"predecessor-version":[{"id":4080,"href":"https:\/\/tkv-hochfranken.de\/index.php\/wp-json\/wp\/v2\/posts\/4061\/revisions\/4080"}],"wp:attachment":[{"href":"https:\/\/tkv-hochfranken.de\/index.php\/wp-json\/wp\/v2\/media?parent=4061"}],"wp:term":[{"taxonomy":"category","embeddable":true,"href":"https:\/\/tkv-hochfranken.de\/index.php\/wp-json\/wp\/v2\/categories?post=4061"},{"taxonomy":"post_tag","embeddable":true,"href":"https:\/\/tkv-hochfranken.de\/index.php\/wp-json\/wp\/v2\/tags?post=4061"}],"curies":[{"name":"wp","href":"https:\/\/api.w.org\/{rel}","templated":true}]}}