{"id":4076,"date":"2026-01-16T00:28:59","date_gmt":"2026-01-15T23:28:59","guid":{"rendered":"https:\/\/tkv-hochfranken.de\/?p=4076"},"modified":"2026-01-16T00:28:59","modified_gmt":"2026-01-15T23:28:59","slug":"erstes-gitarrenhighlight-2026-mit-siegbert-remberger","status":"publish","type":"post","link":"https:\/\/tkv-hochfranken.de\/index.php\/2026\/01\/16\/erstes-gitarrenhighlight-2026-mit-siegbert-remberger\/","title":{"rendered":"Erstes Gitarrenhighlight 2026 mit Siegbert Remberger"},"content":{"rendered":"\n<figure class=\"wp-block-image size-large\"><img fetchpriority=\"high\" decoding=\"async\" width=\"735\" height=\"1024\" src=\"https:\/\/tkv-hochfranken.de\/wp-content\/uploads\/2026\/01\/Foto-735x1024.jpg\" alt=\"\" class=\"wp-image-4074\" srcset=\"https:\/\/tkv-hochfranken.de\/wp-content\/uploads\/2026\/01\/Foto-735x1024.jpg 735w, https:\/\/tkv-hochfranken.de\/wp-content\/uploads\/2026\/01\/Foto-215x300.jpg 215w, https:\/\/tkv-hochfranken.de\/wp-content\/uploads\/2026\/01\/Foto-768x1069.jpg 768w, https:\/\/tkv-hochfranken.de\/wp-content\/uploads\/2026\/01\/Foto.jpg 836w\" sizes=\"(max-width: 735px) 100vw, 735px\" \/><figcaption class=\"wp-element-caption\">Siegbert Remberger (Foto: Remberger)<\/figcaption><\/figure>\n\n\n\n<p>Beim n\u00e4chsten der internationalen <strong>Gitarrenhighlights<\/strong> unter der Leitung von <strong>Dietmar Ungerank<\/strong>, dem <strong>19. Konzert<\/strong> seit 2023 und dem ersten in diesem Jahr, kommt der international hoch gesch\u00e4tzte Konzertgitarrist <strong>Siegbert Remberger <\/strong>aus Deutschland zu uns! Er wird in seinem Programm u.a. Musik der <strong>Beatles<\/strong>, <strong>Dietmar Ungerank<\/strong> \u00a0und <strong>Astor Piazzolla<\/strong> pr\u00e4sentieren und macht den Anfang der 2026er Fortf\u00fchrung dieser renommierten hochfr\u00e4nkischen Konzertreihe der Highlights! <strong>Siegbert Remberger <\/strong>schafft in seinen Konzerten eine zauberhaft farbige Klangwelt. Sein Spiel ist feinsinnig kultiviert, mit erstaunlich gestalterischer Kraft und brillanter Technik.\u00a0<\/p>\n\n\n\n<p>\u201e Wenn die Gitarre singt, spielt Siebert Remberger. Zauberhaft farbige Klangwelt. Feinsinnig, kultiviert, mit erstaunlich gestalterischer Kraft und brillanter Technik. Sein Spiel hat dar\u00fcber hinaus Leichtigkeit, Seele und Atem!\u201c &#8211; so beschreibt die Presse <strong>Siegbert Remberger<\/strong>. Der 1962 geborene Gitarrist studierte<br>an der W\u00fcrzburger Musikhochschule zum Diplommusiker. Nach einem Aufbaustudium an gleicher Stelle begann er ein Studium in der Schweiz bei Oscar Ghiglia, das er 1994 mit der h\u00f6chsten Auszeichnung<br>beendete, dem Solistendiplom. Stipendien zu Meisterkursen bei Alvaro Pierri er\u00f6ffneten ihm eine<br>umfassende Einsicht in die lateinamerikanische Gitarrentradition. <strong>Siegbert Remberger<\/strong> war Preistr\u00e4ger<br>bei internationalen Wettbewerben, wie etwa in Carpentras in S\u00fcdfrankreich<\/p>\n\n\n\n<p>Heute ist er in erfolgreicher Konzertt\u00e4tigkeit als Solist &#8211; auch mit Orchesterbesetzung &#8211; in ganz Europa unterwegs. Dar\u00fcber hinaus unterrichtet er an der Universit\u00e4t in W\u00fcrzburg und gibt Meisterkurse.<br>\u201eEndlich wieder ein Lichtblick in der Gitarrenlandschaft\u201c &#8211; so \u00e4u\u00dferte sich der verantwortliche Redakteur vom Bayerischen Rundfunk nach der ersten Aufnahme mit Siegbert Remberger. Viele Rundfunkproduktionen sind seit dem entstanden, da ihn mit dem Bayerischen Rundfunk eine besonders enge Zusammenarbeit verbindet. Zahlreiche Konzerte sind bisher aufgezeichnet und ausgestrahlt worden.<br>Seine 10 CD Einspielungen sind bei \u201eambitus records\u201c \u201emilo music\u201c und \u201eSiegbert Remberger Musikproduktion\u201c erschienen.<\/p>\n\n\n\n<p>Das Konzert findet wie immer in der <strong>Freikirche der Siebenten-Tags-Adventisten Hof (Lessingstra\u00dfe 30, 95028 Hof)<\/strong> statt. Der Eintritt kosten<strong> 15,-\u20ac \/ 10,-\u20ac<\/strong>. Herzliche Einladung zu einem erneuten Highlight!<\/p>\n\n\n\n<figure class=\"wp-block-image size-large\"><img decoding=\"async\" width=\"721\" height=\"1024\" src=\"https:\/\/tkv-hochfranken.de\/wp-content\/uploads\/2026\/01\/Plakat-721x1024.jpg\" alt=\"\" class=\"wp-image-4075\" srcset=\"https:\/\/tkv-hochfranken.de\/wp-content\/uploads\/2026\/01\/Plakat-721x1024.jpg 721w, https:\/\/tkv-hochfranken.de\/wp-content\/uploads\/2026\/01\/Plakat-211x300.jpg 211w, https:\/\/tkv-hochfranken.de\/wp-content\/uploads\/2026\/01\/Plakat-768x1091.jpg 768w, https:\/\/tkv-hochfranken.de\/wp-content\/uploads\/2026\/01\/Plakat-1082x1536.jpg 1082w, https:\/\/tkv-hochfranken.de\/wp-content\/uploads\/2026\/01\/Plakat-1442x2048.jpg 1442w, https:\/\/tkv-hochfranken.de\/wp-content\/uploads\/2026\/01\/Plakat.jpg 1690w\" sizes=\"(max-width: 721px) 100vw, 721px\" \/><\/figure>\n<h3>Related Images:<\/h3>","protected":false},"excerpt":{"rendered":"<p>Siegbert Remberger (Foto: Remberger) Beim n\u00e4chsten der internationalen Gitarrenhighlights unter der Leitung von Dietmar Ungerank, dem 19. Konzert seit 2023 und dem ersten in diesem Jahr, kommt der international hoch gesch\u00e4tzte Konzertgitarrist Siegbert Remberger aus Deutschland zu uns! Er wird in seinem Programm u.a. Musik der Beatles, Dietmar Ungerank \u00a0und Astor Piazzolla pr\u00e4sentieren und macht&#8230; <\/p>\n<div class=\"read-more navbutton\"><a href=\"https:\/\/tkv-hochfranken.de\/index.php\/2026\/01\/16\/erstes-gitarrenhighlight-2026-mit-siegbert-remberger\/\">Read More<i class=\"fa fa-angle-double-right\"><\/i><\/a><\/div>\n","protected":false},"author":1,"featured_media":0,"comment_status":"closed","ping_status":"","sticky":false,"template":"","format":"standard","meta":{"ngg_post_thumbnail":0,"footnotes":""},"categories":[1],"tags":[],"class_list":["post-4076","post","type-post","status-publish","format-standard","hentry","category-allgemein"],"_links":{"self":[{"href":"https:\/\/tkv-hochfranken.de\/index.php\/wp-json\/wp\/v2\/posts\/4076","targetHints":{"allow":["GET"]}}],"collection":[{"href":"https:\/\/tkv-hochfranken.de\/index.php\/wp-json\/wp\/v2\/posts"}],"about":[{"href":"https:\/\/tkv-hochfranken.de\/index.php\/wp-json\/wp\/v2\/types\/post"}],"author":[{"embeddable":true,"href":"https:\/\/tkv-hochfranken.de\/index.php\/wp-json\/wp\/v2\/users\/1"}],"replies":[{"embeddable":true,"href":"https:\/\/tkv-hochfranken.de\/index.php\/wp-json\/wp\/v2\/comments?post=4076"}],"version-history":[{"count":1,"href":"https:\/\/tkv-hochfranken.de\/index.php\/wp-json\/wp\/v2\/posts\/4076\/revisions"}],"predecessor-version":[{"id":4077,"href":"https:\/\/tkv-hochfranken.de\/index.php\/wp-json\/wp\/v2\/posts\/4076\/revisions\/4077"}],"wp:attachment":[{"href":"https:\/\/tkv-hochfranken.de\/index.php\/wp-json\/wp\/v2\/media?parent=4076"}],"wp:term":[{"taxonomy":"category","embeddable":true,"href":"https:\/\/tkv-hochfranken.de\/index.php\/wp-json\/wp\/v2\/categories?post=4076"},{"taxonomy":"post_tag","embeddable":true,"href":"https:\/\/tkv-hochfranken.de\/index.php\/wp-json\/wp\/v2\/tags?post=4076"}],"curies":[{"name":"wp","href":"https:\/\/api.w.org\/{rel}","templated":true}]}}