{"id":4515,"date":"2026-04-30T00:16:26","date_gmt":"2026-04-29T22:16:26","guid":{"rendered":"https:\/\/tkv-hochfranken.de\/?p=4515"},"modified":"2026-04-30T00:16:26","modified_gmt":"2026-04-29T22:16:26","slug":"grosses-abschlusskonzert-als-teil-des-international-jazz-day","status":"publish","type":"post","link":"https:\/\/tkv-hochfranken.de\/index.php\/2026\/04\/30\/grosses-abschlusskonzert-als-teil-des-international-jazz-day\/","title":{"rendered":"Gro\u00dfes Abschlusskonzert als Teil des International Jazz Day"},"content":{"rendered":"\n<figure class=\"wp-block-image size-full\"><img fetchpriority=\"high\" decoding=\"async\" width=\"1950\" height=\"1006\" src=\"https:\/\/tkv-hochfranken.de\/wp-content\/uploads\/2026\/04\/A-72.avif\" alt=\"\" class=\"wp-image-4477\"\/><figcaption class=\"wp-element-caption\"><strong>TICO SANDOVAL &amp; HIS SALSA-LATIN ORCHESTRA<\/strong> erwarten Euch! (Foto: Hof Jazz Nights)<\/figcaption><\/figure>\n\n\n\n<p>Das <strong>gro\u00dfe Abschlusskonzert<\/strong> der 2026er &#8222;<strong>Hof Jazz Nights<\/strong>&#8220; ist <strong>OFFIZIELLES EVENT<\/strong> des <strong>INTERNATIONAL JAZZ DAY<\/strong> in <strong>Hof<\/strong>! Am <strong>30. April<\/strong> feiert die internationale Jazzgemeinschaft <strong>weltweit<\/strong> den\u00a0<strong>INTERNATIONAL JAZZ DAY,\u00a0<\/strong>\u00a0eine Initiative unter der Schirmherrschaft der <strong>UNESCO<\/strong>, die Jazz als universelle Sprache, Symbol f\u00fcr Freiheit, Dialog und kulturelle Vielfalt w\u00fcrdigt! <strong>Und wir sind ein offizieller Beitrag davon!<\/strong> Gemeinsam mit renommierten K\u00fcnstlerinnen und K\u00fcnstlern sowie Veranstaltern in St\u00e4dten auf der ganzen Welt laden wir Euch herzlich ein, diesen besonderen Tag mit uns zu feiern. Zusammen m\u00f6chten wir zeigen, wie der International Jazz Day gelebt wird mit herausragender Musik, inspirierenden Begegnungen und echter Leidenschaft f\u00fcr Jazz. Auch wir feiern am <strong>Donnerstag<\/strong>, dem <strong>30. April<\/strong> mit einem <strong>20:00 Uhr<\/strong> im <strong>Festsaal der Hofer Freiheitshalle<\/strong> startenden <strong>Konzert<\/strong> diesen Tag.<\/p>\n\n\n\n<figure class=\"wp-block-image\"><img decoding=\"async\" width=\"315\" height=\"251\" src=\"https:\/\/tkv-hochfranken.de\/wp-content\/uploads\/2026\/04\/images.avif\" alt=\"\" class=\"wp-image-4485\"\/><\/figure>\n\n\n\n<p>Es ist eine vollst\u00e4ndige Show aus Musik und Tanz und vor allem eine Einladung, gemeinsam zu feiern und den besonderen <strong>International Jazz Day<\/strong> zu zelebrieren, der weltweit begangen wird! Das au\u00dfergew\u00f6hnliche K\u00fcnstler-Ensemble <strong>TICO SANDOVAL &amp; HIS SALSA-LATIN ORCHESTRA<\/strong> wird Euch mitrei\u00dfen \u2013 befreit Eure Gedanken und entfesselt eine bisher ungeahnte Energie aus Eurem K\u00f6rper. Die Musik aus Jazz und Salsa ist pure Energie, Freude und Lebenslust! Ein besonderer Gast ist <strong>Alan Eduardo \u201eTico\u201c Sandoval<\/strong>, ein mexikanischer Schlagzeuger und Perkussionist, der heute das Publikum in Deutschland begeistert. Zusammen mit seiner Salsa-Band, bestehend aus talentierten Musiker:innen aus Kuba, Deutschland, Ecuador, Kolumbien, der Dominikanischen Republik und Mexiko, bringt er Rhythmen von Salsa, Cha-Cha-Cha, Bachata und Merengue auf die B\u00fchne. Seine Auftritte spr\u00fchen vor Energie und internationalem Flair \u2013 das Publikum tanzt vom ersten Takt an mit. Lasst Sie sich von der Musik mitrei\u00dfen und erleben Sie gemeinsam die Freude am Leben! Mit <strong>YINA LAVIN<\/strong> &amp; <strong>YADIEL VARGAS<\/strong> (Gesang), <strong>ALAN \u201eTICO\u201c SANDOVAL<\/strong> (Timbales), <strong>LUD CRUZ<\/strong> (Congas) <strong>MARTIN QUINTERO<\/strong> (Kontrabass), <strong>OMAR GARCIA<\/strong> (Klavier) &amp; <strong>BENNI JUNG<\/strong> (Posaune)! Ein Muss f\u00fcr Jazz-Fans: herzliche Einladung! Karten gibt es zu 16,-\u20ac \/ erm\u00e4\u00dfigt 6,-\u20ac auf Vorbestellung oder an der Abendkasse!<\/p>\n\n\n\n<figure class=\"wp-block-image\"><img decoding=\"async\" width=\"819\" height=\"1024\" src=\"https:\/\/tkv-hochfranken.de\/wp-content\/uploads\/2026\/03\/Datei-19.03.26-14-17-15-1-819x1024.png\" alt=\"\" class=\"wp-image-4325\" srcset=\"https:\/\/tkv-hochfranken.de\/wp-content\/uploads\/2026\/03\/Datei-19.03.26-14-17-15-1-819x1024.png 819w, https:\/\/tkv-hochfranken.de\/wp-content\/uploads\/2026\/03\/Datei-19.03.26-14-17-15-1-240x300.png 240w, https:\/\/tkv-hochfranken.de\/wp-content\/uploads\/2026\/03\/Datei-19.03.26-14-17-15-1-768x960.png 768w, https:\/\/tkv-hochfranken.de\/wp-content\/uploads\/2026\/03\/Datei-19.03.26-14-17-15-1.png 1024w\" sizes=\"(max-width: 819px) 100vw, 819px\" \/><\/figure>\n<h3>Related Images:<\/h3>","protected":false},"excerpt":{"rendered":"<p>TICO SANDOVAL &amp; HIS SALSA-LATIN ORCHESTRA erwarten Euch! (Foto: Hof Jazz Nights) Das gro\u00dfe Abschlusskonzert der 2026er &#8222;Hof Jazz Nights&#8220; ist OFFIZIELLES EVENT des INTERNATIONAL JAZZ DAY in Hof! Am 30. April feiert die internationale Jazzgemeinschaft weltweit den\u00a0INTERNATIONAL JAZZ DAY,\u00a0\u00a0eine Initiative unter der Schirmherrschaft der UNESCO, die Jazz als universelle Sprache, Symbol f\u00fcr Freiheit, Dialog&#8230; <\/p>\n<div class=\"read-more navbutton\"><a href=\"https:\/\/tkv-hochfranken.de\/index.php\/2026\/04\/30\/grosses-abschlusskonzert-als-teil-des-international-jazz-day\/\">Read More<i class=\"fa fa-angle-double-right\"><\/i><\/a><\/div>\n","protected":false},"author":1,"featured_media":0,"comment_status":"closed","ping_status":"","sticky":false,"template":"","format":"standard","meta":{"ngg_post_thumbnail":0,"footnotes":""},"categories":[1],"tags":[],"class_list":["post-4515","post","type-post","status-publish","format-standard","hentry","category-allgemein"],"_links":{"self":[{"href":"https:\/\/tkv-hochfranken.de\/index.php\/wp-json\/wp\/v2\/posts\/4515","targetHints":{"allow":["GET"]}}],"collection":[{"href":"https:\/\/tkv-hochfranken.de\/index.php\/wp-json\/wp\/v2\/posts"}],"about":[{"href":"https:\/\/tkv-hochfranken.de\/index.php\/wp-json\/wp\/v2\/types\/post"}],"author":[{"embeddable":true,"href":"https:\/\/tkv-hochfranken.de\/index.php\/wp-json\/wp\/v2\/users\/1"}],"replies":[{"embeddable":true,"href":"https:\/\/tkv-hochfranken.de\/index.php\/wp-json\/wp\/v2\/comments?post=4515"}],"version-history":[{"count":1,"href":"https:\/\/tkv-hochfranken.de\/index.php\/wp-json\/wp\/v2\/posts\/4515\/revisions"}],"predecessor-version":[{"id":4516,"href":"https:\/\/tkv-hochfranken.de\/index.php\/wp-json\/wp\/v2\/posts\/4515\/revisions\/4516"}],"wp:attachment":[{"href":"https:\/\/tkv-hochfranken.de\/index.php\/wp-json\/wp\/v2\/media?parent=4515"}],"wp:term":[{"taxonomy":"category","embeddable":true,"href":"https:\/\/tkv-hochfranken.de\/index.php\/wp-json\/wp\/v2\/categories?post=4515"},{"taxonomy":"post_tag","embeddable":true,"href":"https:\/\/tkv-hochfranken.de\/index.php\/wp-json\/wp\/v2\/tags?post=4515"}],"curies":[{"name":"wp","href":"https:\/\/api.w.org\/{rel}","templated":true}]}}