{"id":456,"date":"2016-01-01T08:38:47","date_gmt":"2016-01-01T07:38:47","guid":{"rendered":"https:\/\/tkv-hochfranken.de\/?p=456"},"modified":"2019-04-14T11:35:03","modified_gmt":"2019-04-14T09:35:03","slug":"florestan-und-eusebius-preis","status":"publish","type":"post","link":"https:\/\/tkv-hochfranken.de\/index.php\/2016\/01\/01\/florestan-und-eusebius-preis\/","title":{"rendered":"Neuer Namen f\u00fcr unseren &#8222;Jugend-musiziert&#8220;-Sonderpreis"},"content":{"rendered":"\n<h2 class=\"wp-block-heading\">Florestan und Eusebius-Preis<\/h2>\n\n\n\n<h4 class=\"wp-block-heading\"><strong>Laudatio von Dr. Wolfram Graf<\/strong><\/h4>\n\n\n\n<p>Der Tonk\u00fcnstlerverband Hochfranken lobt \nim Jahr 2016 zum ersten Mal einen eigenen Preis, den \u201eFlorestan und \nEusebius-Preis\u201c, f\u00fcr einen Musiker \/ eine Musikerin beim \nRegionalwettbewerb Jugend musiziert aus. Dabei steht die Namensgebung \ndes Preistitels auf mehreren S\u00e4ulen, die gleichzeitig Impuls gebend wie \nOrientierung stiftend f\u00fcr den oder die Preistr\u00e4ger sein k\u00f6nnen.<\/p>\n\n\n\n<p>In Florestan und Eusebius begegnen wir \nzwei Kunstfiguren des gro\u00dfen Komponisten und Musikschriftstellers Robert\n Schumann, welcher dieser nicht nur als doppelgesichtiges Spiegelbild \nseiner eigenen seelischen Befindlichkeiten angelegt hat, sondern damit \nauch eine M\u00f6glichkeit er\u00f6ffnete, vielf\u00e4ltige und durchaus gegens\u00e4tzliche\n Ausdrucksformen und Interpretationsm\u00f6glichkeiten in der Musik zu \ncharakterisieren. Der extrovertierte, st\u00fcrmische Florestan und der \nelegische, kontemplative Eusebius bilden gleichsam Pole, die sich in \nunterschiedlicher Form in den Werken der Komponisten wiederfinden. Und \nin Robert Schumann begegnet uns auch eine Pers\u00f6nlichkeit, der sich stets\n f\u00fcr den musikalischen Fortschritt seiner Zeit einsetzte, was aus \nunserer Perspektive ebenfalls richtungsweisend f\u00fcr jeden angehenden \nMusiker sein sollte.<\/p>\n\n\n\n<p>Hinter den Phantasiegestalten Florestan \nund Eusebius \u2013 und das ist ein weiterer Anker unseres Preistitels \u2013 \nstehen zwei Figuren des gro\u00dfen romantischen Schriftstellers Jean Paul, \nder ja seine Heimat eine nicht unwichtige Zeit seines Lebens hier in der\n Region hatte. In seinem Roman \u201eFlegeljahre\u201c \u2013 \u00fcbrigens ein \nurmusikalisches Werk, in welchem st\u00e4ndig Bez\u00fcge zur Welt der T\u00f6ne \neingeflochten sind \u2013 finden wir die Zwillingsbr\u00fcder Walt und Vult, \nwelche f\u00fcr Robert Schumanns Figuren sozusagen Pate standen. Kaum ein \nanderer K\u00fcnstler seiner Zeit hat Jean Paul so leidenschaftlich gelesen \nund rezipiert wie Schumann. In Walt begegnet uns der romantische \nSchw\u00e4rmer, der sensible Dichter und melancholische Tr\u00e4umer, und in Vult \ndas genaue Gegenteil: ein Realist, Schalk und Satiriker \u2013 und er \nbeherrscht das Fl\u00f6tenspiel. Also auch an dieser Stelle treten \nmusikalische Gesten zutage, in denen sich nicht umsonst das \nvielschichtige Genie Schumann wiederfinden konnte.<\/p>\n\n\n\n<p>Aus dieser Perspektive steht unser Preis f\u00fcr Vieles, was gerade f\u00fcr einen jungen und aufstrebenden Musiker bedeutsam sein kann:<\/p>\n\n\n\n<ul class=\"wp-block-list\"><li>f\u00fcr die Suche  nach der Tiefenschicht eines Musikwerks im Hinblick auf die jeweiligen  charakteristischen Inhalte und Verl\u00e4ufe in all ihrer Gegens\u00e4tzlichkeit;<\/li><li>f\u00fcr die Suche  nach dem eigenen Weg, der eigenen Pers\u00f6nlichkeit, gerade im Umgang mit  Musik, die ein Spiegel sein kann des seelischen Befindens;<\/li><li>f\u00fcr die  Offenheit Neuem Gegen\u00fcber, einem positiven Blick nach vorne, der sich  st\u00fctzt auf das Ausloten und Abw\u00e4gen des Unbekanntem im Hinblick auf die  jeweilige musikalische Geb\u00e4rde;<\/li><li>und auch, in  Jean Pauls Wirken begr\u00fcndet, f\u00fcr die Orientierung an den Ort, die  Region, aus der heraus man sich entwickeln kann, die aber auch Heimat  sein kann in einer sp\u00e4teren Zeit des Lebens, wo man sich vielleicht \u2013  und hoffentlich \u2013 gerne an diesen Augenblick und diesen Tag erinnert.<\/li><\/ul>\n\n\n\n<div class=\"wp-block-button\"><a class=\"wp-block-button__link has-text-color has-luminous-vivid-amber-color\" href=\"https:\/\/tkv-hochfranken.de\/index.php\/aktivitaeten\/florestan-und-eusebius-preis\/\">Florestan und Eusebius-Preis<br><\/a><\/div>\n<h3>Related Images:<\/h3>","protected":false},"excerpt":{"rendered":"<p>Florestan und Eusebius-Preis Laudatio von Dr. Wolfram Graf Der Tonk\u00fcnstlerverband Hochfranken lobt im Jahr 2016 zum ersten Mal einen eigenen Preis, den \u201eFlorestan und Eusebius-Preis\u201c, f\u00fcr einen Musiker \/ eine Musikerin beim Regionalwettbewerb Jugend musiziert aus. Dabei steht die Namensgebung des Preistitels auf mehreren S\u00e4ulen, die gleichzeitig Impuls gebend wie Orientierung stiftend f\u00fcr den oder&#8230; <\/p>\n<div class=\"read-more navbutton\"><a href=\"https:\/\/tkv-hochfranken.de\/index.php\/2016\/01\/01\/florestan-und-eusebius-preis\/\">Read More<i class=\"fa fa-angle-double-right\"><\/i><\/a><\/div>\n","protected":false},"author":1,"featured_media":0,"comment_status":"open","ping_status":"open","sticky":false,"template":"","format":"standard","meta":{"ngg_post_thumbnail":0,"footnotes":""},"categories":[1,13],"tags":[16,15,14],"class_list":["post-456","post","type-post","status-publish","format-standard","hentry","category-allgemein","category-sonderpreis","tag-jugendliche","tag-kinder","tag-nachwuchs"],"_links":{"self":[{"href":"https:\/\/tkv-hochfranken.de\/index.php\/wp-json\/wp\/v2\/posts\/456","targetHints":{"allow":["GET"]}}],"collection":[{"href":"https:\/\/tkv-hochfranken.de\/index.php\/wp-json\/wp\/v2\/posts"}],"about":[{"href":"https:\/\/tkv-hochfranken.de\/index.php\/wp-json\/wp\/v2\/types\/post"}],"author":[{"embeddable":true,"href":"https:\/\/tkv-hochfranken.de\/index.php\/wp-json\/wp\/v2\/users\/1"}],"replies":[{"embeddable":true,"href":"https:\/\/tkv-hochfranken.de\/index.php\/wp-json\/wp\/v2\/comments?post=456"}],"version-history":[{"count":3,"href":"https:\/\/tkv-hochfranken.de\/index.php\/wp-json\/wp\/v2\/posts\/456\/revisions"}],"predecessor-version":[{"id":1054,"href":"https:\/\/tkv-hochfranken.de\/index.php\/wp-json\/wp\/v2\/posts\/456\/revisions\/1054"}],"wp:attachment":[{"href":"https:\/\/tkv-hochfranken.de\/index.php\/wp-json\/wp\/v2\/media?parent=456"}],"wp:term":[{"taxonomy":"category","embeddable":true,"href":"https:\/\/tkv-hochfranken.de\/index.php\/wp-json\/wp\/v2\/categories?post=456"},{"taxonomy":"post_tag","embeddable":true,"href":"https:\/\/tkv-hochfranken.de\/index.php\/wp-json\/wp\/v2\/tags?post=456"}],"curies":[{"name":"wp","href":"https:\/\/api.w.org\/{rel}","templated":true}]}}