{"id":872,"date":"2019-03-03T20:45:44","date_gmt":"2019-03-03T19:45:44","guid":{"rendered":"https:\/\/tkv-hochfranken.de\/?p=872"},"modified":"2019-04-24T19:05:08","modified_gmt":"2019-04-24T17:05:08","slug":"rezension-der-42-klangspuren-im-herbst-2018-in-der-aktuellen-nmz-ausgabe-3-19","status":"publish","type":"post","link":"https:\/\/tkv-hochfranken.de\/index.php\/2019\/03\/03\/rezension-der-42-klangspuren-im-herbst-2018-in-der-aktuellen-nmz-ausgabe-3-19\/","title":{"rendered":"Rezension der 42. Klangspuren im Herbst 2018 in der aktuellen nmz-Ausgabe 3\/19"},"content":{"rendered":"\n<h2 class=\"wp-block-heading\"><strong>Volles Haus unter neuer Leitung<\/strong><\/h2>\n\n\n\n<h3 class=\"wp-block-heading\"><strong>Klangspuren mit romantischer Musik, einer Urauff\u00fchrung und Zukunftspl\u00e4nen<\/strong><\/h3>\n\n\n\n<p>Das 42. Klangspuren-Konzert des TKV Hochfranken wartete am 1. November 2018 mit mehreren Neuerungen auf. Nicht nur eine gr\u00f6\u00dfere Urauff\u00fchrung, sondern auch die Vorstellung des neuen ersten Vorsitzenden waren angek\u00fcndigt. Die Zuh\u00f6rer str\u00f6mten so zahlreich in den Festsaal des Rehauer Alten Rathauses, dass noch viele St\u00fchle zus\u00e4tzlich hereingetragen werden mussten. Musikalisch standen drei Kammermusikwerke von Beethoven, Brahms und Graf im Zentrum<\/p>\n\n\n\n<p>Es ging los mit Beethovens Streichquartett op. 18 Nr. 4, gespielt von Hyejin Yune (1. Violine), Alex K\u00f6hn (2. Violine), Anton Bonev (Viola) und Alexey Shestiperov (Cello). Die Musiker packten das Werk des knapp 30-j\u00e4hrigen musikalischen Revolution\u00e4rs mit frischer Spielfreude an und bezeugten mit ihrer durchgearbeiteten Interpretation, dass der gro\u00dfe Wiener Klassiker mit seiner unkonventionellen Herangehensweise an die Gattung immer noch unmittelbar die Zuh\u00f6rer ansprechen und begeistern kann. Kontrapunktische Finessen im Wechsel mit den f\u00fcr Beethoven typischen markanten Themen, wie auch t\u00e4nzerische Elemente stellen heute noch eine Herausforderung f\u00fcr Quartettformationen dar, welche die Spieler des Abends souver\u00e4n meisterten.<\/p>\n\n\n\n<div class=\"wp-block-image\"><figure class=\"aligncenter\"><img fetchpriority=\"high\" decoding=\"async\" width=\"200\" height=\"300\" src=\"https:\/\/tkv-hochfranken.de\/wp-content\/uploads\/2018\/12\/Markus-Jung-und-Wolfram-Graf-200x300.jpg\" alt=\"\" class=\"wp-image-199\" srcset=\"https:\/\/tkv-hochfranken.de\/wp-content\/uploads\/2018\/12\/Markus-Jung-und-Wolfram-Graf-200x300.jpg 200w, https:\/\/tkv-hochfranken.de\/wp-content\/uploads\/2018\/12\/Markus-Jung-und-Wolfram-Graf-768x1150.jpg 768w, https:\/\/tkv-hochfranken.de\/wp-content\/uploads\/2018\/12\/Markus-Jung-und-Wolfram-Graf-684x1024.jpg 684w, https:\/\/tkv-hochfranken.de\/wp-content\/uploads\/2018\/12\/Markus-Jung-und-Wolfram-Graf.jpg 962w\" sizes=\"(max-width: 200px) 100vw, 200px\" \/><figcaption>Wolfram Graf (Klavier) und Markus Jung (Cello) bei der Urauff\u00fchrung der Sonate f\u00fcr Cello und Klavier. Foto: Jens Gottl\u00f6ber<br><\/figcaption><\/figure><\/div>\n\n\n\n<p>Seit April 2018 hat der TKV Hochfranken einen neuen ersten Vorsitzenden. Mit dem Cellisten Markus Jung &nbsp;konnte ein eloquenter und engagierter junger Musiker f\u00fcr diese Aufgabe gewonnen werden, der \u00fcberregional als Initiator der Hofer Cellotage sowie durch weltweite Konzerte mit seinem Celloquartett \u201eDie Vier EvangCellisten\u201c bekannt ist. Das Konzert des Abends war sein Einstand in dieser Funktion, wobei er sich gleich als Interpret der Urauff\u00fchrung einer Cellosonate Op. 244 seines Vorstandskollegen Wolfram Graf fulminant bew\u00e4hrte. Das Werk, welches der Komponist f\u00fcr seine Tochter Katharina in vier anspruchsvollen S\u00e4tzen schrieb, erm\u00f6glichte Jung sich sowohl musikalisch und technisch hoch versiert als gl\u00e4nzender Interpret des gem\u00e4\u00dfigt modernen St\u00fccks hervorzutun, das stilistisch zwischen lyrischen, rhythmisch vertrackten bis zu rockigen Passagen changiert.<\/p>\n\n\n\n<p>Nach der Pause wurde der neue erste Vorsitzende von der Organisatorin der Klangspuren-Konzerte Yasuko Sugimoto-Shestiperov noch einmal herzlich begr\u00fc\u00dft, worauf er selber das Wort ergriff. Dabei dankte er vor allem seiner Vorg\u00e4ngerin Renate von H\u00f6rsten f\u00fcr Ihre verdienstvolle Arbeit, die es ihm erm\u00f6gliche, auf einem bestens bestellten Feld an die Zeit ihrer Vorstandst\u00e4tigkeit nahtlos anzukn\u00fcpfen. Dabei wolle er den Blick in die fr\u00e4nkische Peripherie zu weiteren musikalischen Institutionen vertiefen und ausbauen. Auch strebt Markus Jung eine verst\u00e4rkte Zusammenarbeit mit anderen Kunstsparten an, wof\u00fcr bereits erste Projektideen angedacht sind.  <\/p>\n\n\n\n<p>Seit April 2018 hat der TKV Hochfranken einen neuen ersten Vorsitzenden. Mit dem Cellisten Markus Jung &nbsp;konnte ein eloquenter und engagierter junger Musiker f\u00fcr diese Aufgabe gewonnen werden, der \u00fcberregional als Initiator der Hofer Cellotage sowie durch weltweite Konzerte mit seinem Celloquartett \u201eDie Vier EvangCellisten\u201c bekannt ist. Das Konzert des Abends war sein Einstand in dieser Funktion, wobei er sich gleich als Interpret der Urauff\u00fchrung einer Cellosonate Op. 244 seines Vorstandskollegen Wolfram Graf fulminant bew\u00e4hrte. Das Werk, welches der Komponist f\u00fcr seine Tochter Katharina in vier anspruchsvollen S\u00e4tzen schrieb, erm\u00f6glichte Jung sich sowohl musikalisch und technisch hoch versiert als gl\u00e4nzender Interpret des gem\u00e4\u00dfigt modernen St\u00fccks hervorzutun, das stilistisch zwischen lyrischen, rhythmisch vertrackten bis zu rockigen Passagen changiert. <\/p>\n\n\n\n<p>Nach der Pause wurde der neue erste Vorsitzende von der Organisatorin der Klangspuren-Konzerte Yasuko Sugimoto-Shestiperov noch einmal herzlich begr\u00fc\u00dft, worauf er selber das Wort ergriff. Dabei dankte er vor allem seiner Vorg\u00e4ngerin Renate von H\u00f6rsten f\u00fcr Ihre verdienstvolle Arbeit, die es ihm erm\u00f6gliche, auf einem bestens bestellten Feld an die Zeit ihrer Vorstandst\u00e4tigkeit nahtlos anzukn\u00fcpfen. Dabei wolle er den Blick in die fr\u00e4nkische Peripherie zu weiteren musikalischen Institutionen vertiefen und ausbauen. Auch strebt Markus Jung eine verst\u00e4rkte Zusammenarbeit mit anderen Kunstsparten an, wof\u00fcr bereits erste Projektideen angedacht sind.  <\/p>\n\n\n\n<p>Als drittes gro\u00dfes Werk des Abends erklang abschlie\u00dfend Johannes Brahms\u2018 ber\u00fchmtes Klarinettenquintett op. 115. Mit Anna Dietz an der Klarinette, Gabriele Campagna (1.Violine), Pia Rossel (2. Violine), Anton Bonev (Viola) und Alexey Shestiperov (Cello) erfuhr das komplexe Sp\u00e4twerk eine wunderbare Deutung, welche die Zuh\u00f6rer verzauberte. Eine konzentrierte Stille herrschte bis zuletzt und den f\u00fcnf Mitgliedern der Hofer Symphoniker brandete nach einer atemlosen Z\u00e4sur im Anschluss an die letzten T\u00f6ne begeisterter Applaus entgegen. <\/p>\n\n\n\n<p>\u29eb wg (zitiert aus der &#8222;neue musikzeitung&#8220;, nmz 3\/19, S. 47) <br><\/p>\n<h3>Related Images:<\/h3>","protected":false},"excerpt":{"rendered":"<p>Volles Haus unter neuer Leitung Klangspuren mit romantischer Musik, einer Urauff\u00fchrung und Zukunftspl\u00e4nen Das 42. Klangspuren-Konzert des TKV Hochfranken wartete am 1. November 2018 mit mehreren Neuerungen auf. Nicht nur eine gr\u00f6\u00dfere Urauff\u00fchrung, sondern auch die Vorstellung des neuen ersten Vorsitzenden waren angek\u00fcndigt. Die Zuh\u00f6rer str\u00f6mten so zahlreich in den Festsaal des Rehauer Alten Rathauses,&#8230; <\/p>\n<div class=\"read-more navbutton\"><a href=\"https:\/\/tkv-hochfranken.de\/index.php\/2019\/03\/03\/rezension-der-42-klangspuren-im-herbst-2018-in-der-aktuellen-nmz-ausgabe-3-19\/\">Read More<i class=\"fa fa-angle-double-right\"><\/i><\/a><\/div>\n","protected":false},"author":1,"featured_media":0,"comment_status":"open","ping_status":"open","sticky":false,"template":"","format":"standard","meta":{"ngg_post_thumbnail":0,"footnotes":""},"categories":[1,12],"tags":[],"class_list":["post-872","post","type-post","status-publish","format-standard","hentry","category-allgemein","category-presse"],"_links":{"self":[{"href":"https:\/\/tkv-hochfranken.de\/index.php\/wp-json\/wp\/v2\/posts\/872","targetHints":{"allow":["GET"]}}],"collection":[{"href":"https:\/\/tkv-hochfranken.de\/index.php\/wp-json\/wp\/v2\/posts"}],"about":[{"href":"https:\/\/tkv-hochfranken.de\/index.php\/wp-json\/wp\/v2\/types\/post"}],"author":[{"embeddable":true,"href":"https:\/\/tkv-hochfranken.de\/index.php\/wp-json\/wp\/v2\/users\/1"}],"replies":[{"embeddable":true,"href":"https:\/\/tkv-hochfranken.de\/index.php\/wp-json\/wp\/v2\/comments?post=872"}],"version-history":[{"count":3,"href":"https:\/\/tkv-hochfranken.de\/index.php\/wp-json\/wp\/v2\/posts\/872\/revisions"}],"predecessor-version":[{"id":1188,"href":"https:\/\/tkv-hochfranken.de\/index.php\/wp-json\/wp\/v2\/posts\/872\/revisions\/1188"}],"wp:attachment":[{"href":"https:\/\/tkv-hochfranken.de\/index.php\/wp-json\/wp\/v2\/media?parent=872"}],"wp:term":[{"taxonomy":"category","embeddable":true,"href":"https:\/\/tkv-hochfranken.de\/index.php\/wp-json\/wp\/v2\/categories?post=872"},{"taxonomy":"post_tag","embeddable":true,"href":"https:\/\/tkv-hochfranken.de\/index.php\/wp-json\/wp\/v2\/tags?post=872"}],"curies":[{"name":"wp","href":"https:\/\/api.w.org\/{rel}","templated":true}]}}